{"id":193,"date":"2025-11-09T16:36:50","date_gmt":"2025-11-09T16:36:50","guid":{"rendered":"https:\/\/franzkafka.com.br\/acervo\/?p=193"},"modified":"2025-11-09T16:43:31","modified_gmt":"2025-11-09T16:43:31","slug":"capa-contemplacao","status":"publish","type":"post","link":"https:\/\/franzkafka.com.br\/acervo\/2025\/11\/09\/capa-contemplacao\/","title":{"rendered":"[Capa] Contempla\u00e7\u00e3o"},"content":{"rendered":"\n<p><strong>CARATER\u00cdSTICAS T\u00c9CNICAS:&nbsp;<\/strong><br><strong>T\u00edtulo:<\/strong>&nbsp;CONTEMPLA\u00c7\u00c3O<br><strong>Autor:<\/strong>&nbsp;FRANZ KAFKA<br><strong>Tradutor<\/strong>: Marcus Tulius Franco Morais \/&nbsp;<strong>Pref\u00e1cio:<\/strong>&nbsp;Braulio Tavares<\/p>\n\n\n\n<p><strong>Cole\u00e7\u00e3o:<\/strong>&nbsp;Cl\u00e1ssicos Vintage \/&nbsp;<strong>Encaderna\u00e7\u00e3o<\/strong>: Capa dura<br><strong>N\u00famero de p\u00e1ginas:<\/strong>&nbsp;128 p\u00e1ginas \/&nbsp;<strong>Dimens\u00e3o<\/strong>: 13,5 x 18,5 cm<br><strong>ISBN:&nbsp;<\/strong>978-65-991864-7-9<\/p>\n\n\n\n<figure class=\"wp-block-image size-large is-resized\"><img decoding=\"async\" src=\"https:\/\/dcdn-us.mitiendanube.com\/stores\/001\/075\/022\/products\/4-ka-frontal-11-ad214fb180983e09b416371593913602-1024-1024.webp\" alt=\"Cole\u00e7\u00e3o:\u00a0Cl\u00e1ssicos Vintage \/\u00a0Encaderna\u00e7\u00e3o: Capa dura\nN\u00famero de p\u00e1ginas:\u00a0128 p\u00e1ginas \/\u00a0Dimens\u00e3o: 13,5 x 18,5 cm\" style=\"width:250px\"\/><\/figure>\n","protected":false},"excerpt":{"rendered":"<p>CARATER\u00cdSTICAS T\u00c9CNICAS:&nbsp;T\u00edtulo:&nbsp;CONTEMPLA\u00c7\u00c3OAutor:&nbsp;FRANZ KAFKATradutor: Marcus Tulius Franco Morais \/&nbsp;Pref\u00e1cio:&nbsp;Braulio Tavares Cole\u00e7\u00e3o:&nbsp;Cl\u00e1ssicos Vintage \/&nbsp;Encaderna\u00e7\u00e3o: Capa duraN\u00famero de p\u00e1ginas:&nbsp;128 p\u00e1ginas \/&nbsp;Dimens\u00e3o: 13,5 x 18,5 cmISBN:&nbsp;978-65-991864-7-9<\/p>\n","protected":false},"author":1,"featured_media":203,"comment_status":"open","ping_status":"open","sticky":false,"template":"","format":"standard","meta":{"pagelayer_contact_templates":[],"_pagelayer_content":"","footnotes":""},"categories":[39],"tags":[],"class_list":["post-193","post","type-post","status-publish","format-standard","has-post-thumbnail","hentry","category-capas"],"_links":{"self":[{"href":"https:\/\/franzkafka.com.br\/acervo\/wp-json\/wp\/v2\/posts\/193","targetHints":{"allow":["GET"]}}],"collection":[{"href":"https:\/\/franzkafka.com.br\/acervo\/wp-json\/wp\/v2\/posts"}],"about":[{"href":"https:\/\/franzkafka.com.br\/acervo\/wp-json\/wp\/v2\/types\/post"}],"author":[{"embeddable":true,"href":"https:\/\/franzkafka.com.br\/acervo\/wp-json\/wp\/v2\/users\/1"}],"replies":[{"embeddable":true,"href":"https:\/\/franzkafka.com.br\/acervo\/wp-json\/wp\/v2\/comments?post=193"}],"version-history":[{"count":3,"href":"https:\/\/franzkafka.com.br\/acervo\/wp-json\/wp\/v2\/posts\/193\/revisions"}],"predecessor-version":[{"id":198,"href":"https:\/\/franzkafka.com.br\/acervo\/wp-json\/wp\/v2\/posts\/193\/revisions\/198"}],"wp:featuredmedia":[{"embeddable":true,"href":"https:\/\/franzkafka.com.br\/acervo\/wp-json\/wp\/v2\/media\/203"}],"wp:attachment":[{"href":"https:\/\/franzkafka.com.br\/acervo\/wp-json\/wp\/v2\/media?parent=193"}],"wp:term":[{"taxonomy":"category","embeddable":true,"href":"https:\/\/franzkafka.com.br\/acervo\/wp-json\/wp\/v2\/categories?post=193"},{"taxonomy":"post_tag","embeddable":true,"href":"https:\/\/franzkafka.com.br\/acervo\/wp-json\/wp\/v2\/tags?post=193"}],"curies":[{"name":"wp","href":"https:\/\/api.w.org\/{rel}","templated":true}]}}